{"id":13664,"date":"2023-01-10T13:29:24","date_gmt":"2023-01-10T12:29:24","guid":{"rendered":"https:\/\/vived.io\/?p=13664"},"modified":"2023-01-10T15:08:47","modified_gmt":"2023-01-10T14:08:47","slug":"znow-glosno-o-zwolnieniach-career-weekly-vol-18","status":"publish","type":"post","link":"https:\/\/vived.io\/pl\/znow-glosno-o-zwolnieniach-career-weekly-vol-18\/","title":{"rendered":"Zn\u00f3w g\u0142o\u015bno o zwolnieniach &#8211; Career Weekly vol. 18"},"content":{"rendered":"\n<h2 id=\"1-awantura-w-salesforce-i-najwieksze-zwolnienia-w-historii-amazona\" data-num=1>1. Awantura w Salesforce i najwi\u0119ksze zwolnienia w historii Amazona<\/h2>\n\n\n\n<p>Zestawienie firm, kt\u00f3re postanowi\u0142y znacznie zredukowa\u0107 swoje zespo\u0142y, zaczynamy od Salesforce. Nad producentem popularnych system\u00f3w CRM i narz\u0119dzi do automatyzacji przer\u00f3\u017cnych dziedzin biznesu zgromadzi\u0142y si\u0119 czarne chmury. Po pierwsze, decyzja o zwolnieniu 10% pracownik\u00f3w, gdy na pok\u0142adzie jest ponad 70 tys. zatrudnionych, oznacza prawdziwy exodus. Po drugie, po\u017cegnania odbywaj\u0105 si\u0119 w naprawd\u0119 kiepskiej atmosferze.&nbsp;<\/p>\n\n\n\n<p>Jak informuj\u0105 ameryka\u0144skie media, nastroje w Salesforce obni\u017cy\u0142y si\u0119 drastycznie po spotkaniu all-hands, w kt\u00f3rym uczestniczy\u0142 CEO firmy. Mia\u0142o ono miejsce kolejnego dnia po og\u0142oszeniu zwolnie\u0144. Wszyscy oczekiwali, \u017ce Marc Benioff odniesie si\u0119 do ostatnich decyzji, ale zamiast tego\u2026 przez dwie godziny skutecznie unika\u0142 pyta\u0144 na ten temat. Mog\u0119 sobie tylko wyobra\u017ca\u0107 poziom irytacji uczestnik\u00f3w. To nie wszystko. Po spotkaniu Marc jak gdyby nigdy nic skrobn\u0105\u0142 maila do ca\u0142ej swojej firmy, nawi\u0105zuj\u0105c do uwielbianej przez siebie hawajskiej filozofii \u201cOhana\u201d. Po raz kolejny por\u00f3wna\u0142 firm\u0119 do rodziny, w kt\u00f3rej wi\u0119zi s\u0105 wzmacniane poprzez wzajemn\u0105 odpowiedzialno\u015b\u0107 i przyzna\u0142, \u017ce w czasie pandemii zatrudniono zbyt wiele os\u00f3b, za co czuje si\u0119 odpowiedzialny. OMG.&nbsp;<\/p>\n\n\n<div class=\"wp-block-image\">\n<figure class=\"aligncenter size-full\"><img loading=\"lazy\" decoding=\"async\" width=\"888\" height=\"499\" src=\"https:\/\/vived.io\/wp-content\/uploads\/2023\/01\/career18-mem1.jpg\" alt=\"\" class=\"wp-image-13669\" srcset=\"https:\/\/vived.io\/wp-content\/uploads\/2023\/01\/career18-mem1.jpg 888w, https:\/\/vived.io\/wp-content\/uploads\/2023\/01\/career18-mem1-300x169.jpg 300w, https:\/\/vived.io\/wp-content\/uploads\/2023\/01\/career18-mem1-768x432.jpg 768w\" sizes=\"auto, (max-width: 888px) 100vw, 888px\" \/><\/figure>\n<\/div>\n\n\n<p>Na szcz\u0119\u015bcie w Salesforce wci\u0105\u017c s\u0105 managerowie, kt\u00f3rzy maj\u0105 dystans do tego typu o\u015bwiadcze\u0144. Pono\u0107 nawet jeden z dyrektor\u00f3w przeprosi\u0142 za przebieg spotkania i zaproponowa\u0142, by nie ogl\u0105da\u0107 nagrania z all-hands. To m\u00f3g\u0142 by\u0107 cz\u0142owiek od public relations\u2026<\/p>\n\n\n\n<p>Z San Francisco przenosimy si\u0119 do Seattle, bo gor\u0105co jest tak\u017ce w Amazonie. Jak ju\u017c wiesz (mi\u0119dzy innymi) z Career Weekly, planowano tam po\u017cegna\u0107 10 tys. pracownik\u00f3w. Licznik jednak nie zatrzyma\u0142 si\u0119 po pierwszych zapowiedziach, a w grudniu ksi\u0119gowi skrupulatnie liczyli firmowe wydatki. Teraz okazuje si\u0119, \u017ce wypowiedzenia otrzyma w sumie ok. 18 tys. os\u00f3b. To najwi\u0119ksze zwolnienia w historii tego technologicznego giganta, po kt\u00f3rych ca\u0142a organizacja skurczy si\u0119 o 6%. Z perspektywy programistycznej &#8211; redukcja zatrudnienia nie obejmie AWS, a przede wszystkim obs\u0142ug\u0119 sklep\u00f3w i HR.<\/p>\n\n\n\n<p>Nieco mniejsza fala zwolnie\u0144 widoczna jest tak\u017ce w Cisco (ok. 4 tys. os\u00f3b) oraz HP (4-6 tys. os\u00f3b w ci\u0105gu najbli\u017cszych 3 lat). \u201cSpokojnie, zawsze b\u0119dzie mo\u017cna p\u00f3j\u015b\u0107 do pracy w McDonald\u2019s\u201d &#8211; pisz\u0105 internetowi m\u0119drcy. Ale my tutaj wnikliwie czytamy zapowiedzi CEO i wiemy, \u017ce w kwietniu tam r\u00f3wnie\u017c b\u0119d\u0105 zwolnienia. Ech!<\/p>\n\n\n\n<h3 class=\"wp-block-heading\">\u0179r\u00f3d\u0142a:<\/h3>\n\n\n\n<ul class=\"wp-block-list\">\n<li><a href=\"https:\/\/www.businessinsider.com\/read-marc-benioff-email-to-salesforce-staff-announcing-mass-layoffs-2023-1?IR=T\">https:\/\/www.businessinsider.com\/read-marc-benioff-email-to-salesforce-staff-announcing-mass-layoffs-2023-1?IR=T<\/a><\/li>\n\n\n\n<li><a href=\"https:\/\/www.bizjournals.com\/sanfrancisco\/news\/2023\/01\/04\/heres-salesforce-co-ceo-marc-benioff-letter-to-em.html\">https:\/\/www.bizjournals.com\/sanfrancisco\/news\/2023\/01\/04\/heres-salesforce-co-ceo-marc-benioff-letter-to-em.html<\/a><\/li>\n\n\n\n<li><a href=\"https:\/\/finance.yahoo.com\/news\/salesforce-ohana-mantra-questioned-ceo-215923705.html\">https:\/\/finance.yahoo.com\/news\/salesforce-ohana-mantra-questioned-ceo-215923705.html<\/a><\/li>\n\n\n\n<li><a href=\"https:\/\/www.crn.com\/news\/cloud\/aws-not-impacted-by-amazon-s-18-000-layoffs-sources\">https:\/\/www.crn.com\/news\/cloud\/aws-not-impacted-by-amazon-s-18-000-layoffs-sources<\/a><\/li>\n\n\n\n<li><a href=\"https:\/\/www.firstpost.com\/explainers\/mass-layoffs-2023-more-jobs-cuts-amazon-tech-twitter-meta-11953872.html\">https:\/\/www.firstpost.com\/explainers\/mass-layoffs-2023-more-jobs-cuts-amazon-tech-twitter-meta-11953872.html<\/a><\/li>\n\n\n\n<li><a href=\"https:\/\/edition.cnn.com\/2023\/01\/06\/business\/mcdonalds-layoffs\/index.html\">https:\/\/edition.cnn.com\/2023\/01\/06\/business\/mcdonalds-layoffs\/index.html<\/a><\/li>\n<\/ul>\n\n\n\n<h2 id=\"2-czym-roznia-sie-bystrzy-programisci-od-madrych-programistow\" data-num=2>2. Czym r\u00f3\u017cni\u0105 si\u0119 bystrzy programi\u015bci od m\u0105drych programist\u00f3w?<\/h2>\n\n\n\n<p>Kiedy znalaz\u0142em <a href=\"https:\/\/itnext.io\/the-difference-between-the-clever-developer-the-wise-developer-a0edd9d8a692\">tekst z powy\u017cszym pytaniem w tytule<\/a>, by\u0142em bardzo zaintrygowany! Tre\u015b\u0107 absolutnie mnie nie zawiod\u0142a. Ben &#8222;The Hosk&#8221; Hosking doskonale wyja\u015bni\u0142 r\u00f3\u017cnice pomi\u0119dzy juniorem a seniorem i wcale nie powo\u0142ywa\u0142 si\u0119 przy tym na znajomo\u015b\u0107 j\u0119zyk\u00f3w programowania\u2026 tylko specyficzny mindset, jaki towarzyszy programistom w zale\u017cno\u015bci od poziomu ich do\u015bwiadczenia.<\/p>\n\n\n<div class=\"wp-block-image\">\n<figure class=\"aligncenter size-full\"><img loading=\"lazy\" decoding=\"async\" width=\"600\" height=\"448\" src=\"https:\/\/vived.io\/wp-content\/uploads\/2023\/01\/career18-mem2.png\" alt=\"\" class=\"wp-image-13667\" srcset=\"https:\/\/vived.io\/wp-content\/uploads\/2023\/01\/career18-mem2.png 600w, https:\/\/vived.io\/wp-content\/uploads\/2023\/01\/career18-mem2-300x224.png 300w\" sizes=\"auto, (max-width: 600px) 100vw, 600px\" \/><figcaption class=\"wp-element-caption\">Credits: <a href=\"https:\/\/www.reddit.com\/user\/taranasus\/\">Taranasus<\/a><\/figcaption><\/figure>\n<\/div>\n\n\n<p>O co chodzi? Przede wszystkim o poczucie, \u017ce czasem lepiej unika\u0107 problem\u00f3w, ni\u017c ich poszukiwa\u0107. Wsz\u0119dzie wydawa\u0142oby si\u0119 to oczywiste, ale w naszej bran\u017cy jest odwrotnie. Tymczasem to w\u0142a\u015bnie umiej\u0119tno\u015b\u0107 priorytetyzowania i asertywno\u015b\u0107 s\u0105 cechami, kt\u00f3re podziwiamy u starszych koleg\u00f3w. Junior, jak to junior, b\u0119dzie szuka\u0142 dowolnej okazji do kodowania. Senior jest pod tym wzgl\u0119dem nieco bardziej pow\u015bci\u0105gliwy, co prowadzi do bardzo wyra\u017anego rozr\u00f3\u017cnienia:<\/p>\n\n\n\n<ul class=\"wp-block-list\">\n<li>Junior developers take simple requirements and create complex code&nbsp;<\/li>\n\n\n\n<li>Senior developers take complex requirements and create simple code<\/li>\n<\/ul>\n\n\n\n<p>Poza tym, Ben Hosking zwraca uwag\u0119, \u017ce bystrzy programi\u015bci musz\u0105 pope\u0142ni\u0107 wiele b\u0142\u0119d\u00f3w, by sta\u0107 si\u0119 m\u0105drymi. Programowanie jest jedn\u0105 z najbardziej empirycznych dziedzin. Mo\u017ce nawet bardziej, ni\u017c nauka chodzenia lub jazdy na rowerze. Obowi\u0105zuje jednak ta sama zasada &#8211; siniaki koleg\u00f3w nie naucz\u0105 Ci\u0119 utrzymywa\u0107 r\u00f3wnowagi.<\/p>\n\n\n\n<p>Seniorzy szanuj\u0105 sw\u00f3j czas. Wiedz\u0105, \u017ce kiedy wykonujesz czyj\u0105\u015b prac\u0119, to nie wykonujesz swojej. Potrafi\u0105 dostosowa\u0107 si\u0119 do sytuacji, zamiast walczy\u0107 ze wszystkimi wok\u00f3\u0142. <em>The difference between a clever person and a wise person is really not worth worrying about <\/em>&#8211; tymi s\u0142owami ko\u0144czy si\u0119 felieton Bena, a ja raz jeszcze polecam Ci <a href=\"https:\/\/itnext.io\/the-difference-between-the-clever-developer-the-wise-developer-a0edd9d8a692\">ten tekst<\/a>. Mnie uzmys\u0142owi\u0142 bardzo wiele i chocia\u017c nie jestem programist\u0105, to zaczerpn\u0105\u0142em z niego wiele inspiracji.<\/p>\n\n\n\n<h3 class=\"wp-block-heading\">\u0179r\u00f3d\u0142o:<\/h3>\n\n\n\n<ul class=\"wp-block-list\">\n<li><a href=\"https:\/\/itnext.io\/the-difference-between-the-clever-developer-the-wise-developer-a0edd9d8a692\">https:\/\/itnext.io\/the-difference-between-the-clever-developer-the-wise-developer-a0edd9d8a692<\/a><\/li>\n<\/ul>\n\n\n\n<h2 id=\"3-nie-zapomnij-o-treningu-pamieci\" data-num=3>3. Nie zapomnij o treningu pami\u0119ci<\/h2>\n\n\n\n<p>W raporcie No Fluff Jobs na temat programist\u00f3w w Europie \u015arodkowo-Wschodniej wyczyta\u0142em, \u017ce a\u017c 57% ankietowanych uprawia sport po pracy. Najcz\u0119\u015bciej ten czas jest po\u015bwi\u0119cany na si\u0142owni\u0119 (50% odpowiedzi), jazd\u0119 na rowerze (45%) lub bieganie (35%). To \u015bwietne informacje, zw\u0142aszcza \u017ce d\u0142ugotrwa\u0142e przesiadywanie przed komputerem nie s\u0142u\u017cy naszemu zdrowiu. Id\u0105c dalej &#8211; nadmierne google\u2019owanie lub wertowanie StackOverflow nie s\u0142u\u017cy naszej pami\u0119ci. Jak zatem trenowa\u0107 szare kom\u00f3rki?<\/p>\n\n\n\n<p>Jeden z ciekawszych pomys\u0142\u00f3w znalaz\u0142em <a href=\"https:\/\/richstone.io\/train-your-developer-memory\/\">na blogu, kt\u00f3ry prowadzi Rich Steinmetz, Software Engineer<\/a>. Jego zdaniem, techniki pami\u0119ciowe s\u0105 doskona\u0142ym wsparciem w codziennej pracy. On sam zacz\u0105\u0142 swoje treningi w 2011 roku. Dzi\u015b &#8211; jak twierdzi &#8211; nie ma problemu z zapami\u0119taniem 100 rzeczy jednocze\u015bnie, nauczeniem si\u0119 uk\u0142adu talii kart w ci\u0105gu kilku minut lub podkr\u0119ceniem wynik\u00f3w w\u0142asnych test\u00f3w IQ.&nbsp;<\/p>\n\n\n<div class=\"wp-block-image\">\n<figure class=\"aligncenter size-full\"><img loading=\"lazy\" decoding=\"async\" width=\"750\" height=\"545\" src=\"https:\/\/vived.io\/wp-content\/uploads\/2023\/01\/career18-mem3.jpeg\" alt=\"\" class=\"wp-image-13665\" srcset=\"https:\/\/vived.io\/wp-content\/uploads\/2023\/01\/career18-mem3.jpeg 750w, https:\/\/vived.io\/wp-content\/uploads\/2023\/01\/career18-mem3-300x218.jpeg 300w\" sizes=\"auto, (max-width: 750px) 100vw, 750px\" \/><figcaption class=\"wp-element-caption\">Credits: <a href=\"https:\/\/www.memedroid.com\/user\/view\/DaMusicGamer\">DaMusicGamer<\/a><\/figcaption><\/figure>\n<\/div>\n\n\n<p>Zapytasz, jak do cholery przyda Ci si\u0119 to w pracy? Rich podaje kilka sytuacji, w kt\u00f3rych wykorzystuje swoj\u0105 wytrenowan\u0105 pami\u0119\u0107. Ta przydaje si\u0119 przede wszystkim podczas czytania d\u0142ugich tekst\u00f3w lub ksi\u0105\u017cek o programowaniu, ogl\u0105dania konferencji i webinar\u00f3w albo budowania automatyzacji.&nbsp;<\/p>\n\n\n\n<p>Podobno wystarczy kilka tygodni, by opanowa\u0107 wybran\u0105 technik\u0119, np. <a href=\"https:\/\/en.wikipedia.org\/wiki\/Mnemonic_peg_system\">mnemonic peg system<\/a> albo <a href=\"https:\/\/en.wikipedia.org\/wiki\/Mnemonic_major_system\">mnemonic major system<\/a> &#8211; obie s\u0105 oparte na wizualizacji i nawet, je\u015bli nie wykorzystasz ich p\u00f3\u017aniej w pracy, to przynajmniej nie b\u0119dziesz tworzy\u0107 listy zakup\u00f3w przed ka\u017cdym wyj\u015bciem do supermarketu. I nie zapomnisz o urodzinach bliskiej Ci osoby. I o tym, by cz\u0119\u015bciej korzysta\u0107 z aplikacji Vived.<\/p>\n\n\n\n<h3 class=\"wp-block-heading\">\u0179r\u00f3d\u0142o:<\/h3>\n\n\n\n<ul class=\"wp-block-list\">\n<li><a href=\"https:\/\/richstone.io\/train-your-developer-memory\/\">https:\/\/richstone.io\/train-your-developer-memory\/<\/a><\/li>\n<\/ul>\n","protected":false},"excerpt":{"rendered":"<p>Wydawa\u0142o si\u0119, \u017ce po nerwowej jesieni i nieco spokojniejszej ko\u0144c\u00f3wce roku, sytuacja na rynku IT jest opanowana. Niestety, zwolnienia nadal trz\u0119s\u0105 nasz\u0105 bran\u017c\u0105.<\/p>\n","protected":false},"author":15,"featured_media":13677,"comment_status":"closed","ping_status":"closed","sticky":false,"template":"","format":"standard","meta":{"_acf_changed":false,"footnotes":""},"categories":[384],"tags":[],"class_list":["post-13664","post","type-post","status-publish","format-standard","has-post-thumbnail","hentry","category-career-pl"],"acf":{"estimated_reading_time":"7","feature_image_blog":{"ID":13683,"id":13683,"title":"career18-main2","filename":"career18-main2-1.png","filesize":760052,"url":"https:\/\/vived.io\/wp-content\/uploads\/2023\/01\/career18-main2-1.png","link":"https:\/\/vived.io\/pl\/znow-glosno-o-zwolnieniach-career-weekly-vol-18\/career18-main2-2\/","alt":"","author":"15","description":"","caption":"","name":"career18-main2-2","status":"inherit","uploaded_to":13664,"date":"2023-01-10 12:29:14","modified":"2023-01-10 12:29:14","menu_order":0,"mime_type":"image\/png","type":"image","subtype":"png","icon":"https:\/\/vived.io\/wp-includes\/images\/media\/default.png","width":1200,"height":675,"sizes":{"thumbnail":"https:\/\/vived.io\/wp-content\/uploads\/2023\/01\/career18-main2-1-150x150.png","thumbnail-width":150,"thumbnail-height":150,"medium":"https:\/\/vived.io\/wp-content\/uploads\/2023\/01\/career18-main2-1-300x169.png","medium-width":300,"medium-height":169,"medium_large":"https:\/\/vived.io\/wp-content\/uploads\/2023\/01\/career18-main2-1-768x432.png","medium_large-width":768,"medium_large-height":432,"large":"https:\/\/vived.io\/wp-content\/uploads\/2023\/01\/career18-main2-1-1024x576.png","large-width":1024,"large-height":576,"1536x1536":"https:\/\/vived.io\/wp-content\/uploads\/2023\/01\/career18-main2-1.png","1536x1536-width":1200,"1536x1536-height":675,"2048x2048":"https:\/\/vived.io\/wp-content\/uploads\/2023\/01\/career18-main2-1.png","2048x2048-width":1200,"2048x2048-height":675,"gform-image-choice-sm":"https:\/\/vived.io\/wp-content\/uploads\/2023\/01\/career18-main2-1.png","gform-image-choice-sm-width":300,"gform-image-choice-sm-height":169,"gform-image-choice-md":"https:\/\/vived.io\/wp-content\/uploads\/2023\/01\/career18-main2-1.png","gform-image-choice-md-width":400,"gform-image-choice-md-height":225,"gform-image-choice-lg":"https:\/\/vived.io\/wp-content\/uploads\/2023\/01\/career18-main2-1.png","gform-image-choice-lg-width":600,"gform-image-choice-lg-height":338}},"weekly_summary":true,"push_notification_image":"https:\/\/vived.io\/wp-content\/uploads\/2023\/01\/career18-pl.png","feature_image_visible":false},"yoast_head":"<!-- This site is optimized with the Yoast SEO plugin v27.4 - https:\/\/yoast.com\/product\/yoast-seo-wordpress\/ -->\n<title>Zn\u00f3w g\u0142o\u015bno o zwolnieniach - Career Weekly vol. 18 - Vived<\/title>\n<meta name=\"robots\" content=\"index, follow, max-snippet:-1, max-image-preview:large, max-video-preview:-1\" \/>\n<link rel=\"canonical\" href=\"https:\/\/vived.io\/pl\/znow-glosno-o-zwolnieniach-career-weekly-vol-18\/\" \/>\n<meta property=\"og:locale\" content=\"pl_PL\" \/>\n<meta property=\"og:type\" content=\"article\" \/>\n<meta property=\"og:title\" content=\"Zn\u00f3w g\u0142o\u015bno o zwolnieniach - Career Weekly vol. 18 - Vived\" \/>\n<meta property=\"og:description\" content=\"Wydawa\u0142o si\u0119, \u017ce po nerwowej jesieni i nieco spokojniejszej ko\u0144c\u00f3wce roku, sytuacja na rynku IT jest opanowana. Niestety, zwolnienia nadal trz\u0119s\u0105 nasz\u0105 bran\u017c\u0105.\" \/>\n<meta property=\"og:url\" content=\"https:\/\/vived.io\/pl\/znow-glosno-o-zwolnieniach-career-weekly-vol-18\/\" \/>\n<meta property=\"og:site_name\" content=\"Vived\" \/>\n<meta property=\"article:published_time\" content=\"2023-01-10T12:29:24+00:00\" \/>\n<meta property=\"article:modified_time\" content=\"2023-01-10T14:08:47+00:00\" \/>\n<meta property=\"og:image\" content=\"https:\/\/vived.io\/wp-content\/uploads\/2023\/01\/career18-pl.png\" \/>\n\t<meta property=\"og:image:width\" content=\"1200\" \/>\n\t<meta property=\"og:image:height\" content=\"628\" \/>\n\t<meta property=\"og:image:type\" content=\"image\/png\" \/>\n<meta name=\"author\" content=\"Mateusz \u017bmija\" \/>\n<meta name=\"twitter:card\" content=\"summary_large_image\" \/>\n<script type=\"application\/ld+json\" class=\"yoast-schema-graph\">{\"@context\":\"https:\\\/\\\/schema.org\",\"@graph\":[{\"@type\":\"Article\",\"@id\":\"https:\\\/\\\/vived.io\\\/pl\\\/znow-glosno-o-zwolnieniach-career-weekly-vol-18\\\/#article\",\"isPartOf\":{\"@id\":\"https:\\\/\\\/vived.io\\\/pl\\\/znow-glosno-o-zwolnieniach-career-weekly-vol-18\\\/\"},\"author\":{\"name\":\"Mateusz \u017bmija\",\"@id\":\"https:\\\/\\\/3.68.244.71\\\/#\\\/schema\\\/person\\\/33a98ceba42f744c04eaeb7ee31ce9a5\"},\"headline\":\"Zn\u00f3w g\u0142o\u015bno o zwolnieniach &#8211; Career Weekly vol. 18\",\"datePublished\":\"2023-01-10T12:29:24+00:00\",\"dateModified\":\"2023-01-10T14:08:47+00:00\",\"mainEntityOfPage\":{\"@id\":\"https:\\\/\\\/vived.io\\\/pl\\\/znow-glosno-o-zwolnieniach-career-weekly-vol-18\\\/\"},\"wordCount\":1060,\"publisher\":{\"@id\":\"https:\\\/\\\/3.68.244.71\\\/#organization\"},\"image\":{\"@id\":\"https:\\\/\\\/vived.io\\\/pl\\\/znow-glosno-o-zwolnieniach-career-weekly-vol-18\\\/#primaryimage\"},\"thumbnailUrl\":\"https:\\\/\\\/vived.io\\\/wp-content\\\/uploads\\\/2023\\\/01\\\/career18-pl.png\",\"articleSection\":[\"Career\"],\"inLanguage\":\"pl-PL\"},{\"@type\":\"WebPage\",\"@id\":\"https:\\\/\\\/vived.io\\\/pl\\\/znow-glosno-o-zwolnieniach-career-weekly-vol-18\\\/\",\"url\":\"https:\\\/\\\/vived.io\\\/pl\\\/znow-glosno-o-zwolnieniach-career-weekly-vol-18\\\/\",\"name\":\"Zn\u00f3w g\u0142o\u015bno o zwolnieniach - Career Weekly vol. 18 - Vived\",\"isPartOf\":{\"@id\":\"https:\\\/\\\/3.68.244.71\\\/#website\"},\"primaryImageOfPage\":{\"@id\":\"https:\\\/\\\/vived.io\\\/pl\\\/znow-glosno-o-zwolnieniach-career-weekly-vol-18\\\/#primaryimage\"},\"image\":{\"@id\":\"https:\\\/\\\/vived.io\\\/pl\\\/znow-glosno-o-zwolnieniach-career-weekly-vol-18\\\/#primaryimage\"},\"thumbnailUrl\":\"https:\\\/\\\/vived.io\\\/wp-content\\\/uploads\\\/2023\\\/01\\\/career18-pl.png\",\"datePublished\":\"2023-01-10T12:29:24+00:00\",\"dateModified\":\"2023-01-10T14:08:47+00:00\",\"breadcrumb\":{\"@id\":\"https:\\\/\\\/vived.io\\\/pl\\\/znow-glosno-o-zwolnieniach-career-weekly-vol-18\\\/#breadcrumb\"},\"inLanguage\":\"pl-PL\",\"potentialAction\":[{\"@type\":\"ReadAction\",\"target\":[\"https:\\\/\\\/vived.io\\\/pl\\\/znow-glosno-o-zwolnieniach-career-weekly-vol-18\\\/\"]}]},{\"@type\":\"ImageObject\",\"inLanguage\":\"pl-PL\",\"@id\":\"https:\\\/\\\/vived.io\\\/pl\\\/znow-glosno-o-zwolnieniach-career-weekly-vol-18\\\/#primaryimage\",\"url\":\"https:\\\/\\\/vived.io\\\/wp-content\\\/uploads\\\/2023\\\/01\\\/career18-pl.png\",\"contentUrl\":\"https:\\\/\\\/vived.io\\\/wp-content\\\/uploads\\\/2023\\\/01\\\/career18-pl.png\",\"width\":1200,\"height\":628},{\"@type\":\"BreadcrumbList\",\"@id\":\"https:\\\/\\\/vived.io\\\/pl\\\/znow-glosno-o-zwolnieniach-career-weekly-vol-18\\\/#breadcrumb\",\"itemListElement\":[{\"@type\":\"ListItem\",\"position\":1,\"name\":\"Strona g\u0142\u00f3wna\",\"item\":\"https:\\\/\\\/vived.io\\\/pl\\\/\"},{\"@type\":\"ListItem\",\"position\":2,\"name\":\"Zn\u00f3w g\u0142o\u015bno o zwolnieniach &#8211; Career Weekly vol. 18\"}]},{\"@type\":\"WebSite\",\"@id\":\"https:\\\/\\\/3.68.244.71\\\/#website\",\"url\":\"https:\\\/\\\/3.68.244.71\\\/\",\"name\":\"Vived\",\"description\":\"platform empowering IT people and technology companies to synergic growth\",\"publisher\":{\"@id\":\"https:\\\/\\\/3.68.244.71\\\/#organization\"},\"potentialAction\":[{\"@type\":\"SearchAction\",\"target\":{\"@type\":\"EntryPoint\",\"urlTemplate\":\"https:\\\/\\\/3.68.244.71\\\/?s={search_term_string}\"},\"query-input\":{\"@type\":\"PropertyValueSpecification\",\"valueRequired\":true,\"valueName\":\"search_term_string\"}}],\"inLanguage\":\"pl-PL\"},{\"@type\":\"Organization\",\"@id\":\"https:\\\/\\\/3.68.244.71\\\/#organization\",\"name\":\"Vived\",\"url\":\"https:\\\/\\\/3.68.244.71\\\/\",\"logo\":{\"@type\":\"ImageObject\",\"inLanguage\":\"pl-PL\",\"@id\":\"https:\\\/\\\/3.68.244.71\\\/#\\\/schema\\\/logo\\\/image\\\/\",\"url\":\"https:\\\/\\\/vived.io\\\/wp-content\\\/uploads\\\/2020\\\/03\\\/logo_vived_color.png\",\"contentUrl\":\"https:\\\/\\\/vived.io\\\/wp-content\\\/uploads\\\/2020\\\/03\\\/logo_vived_color.png\",\"width\":136,\"height\":45,\"caption\":\"Vived\"},\"image\":{\"@id\":\"https:\\\/\\\/3.68.244.71\\\/#\\\/schema\\\/logo\\\/image\\\/\"}},{\"@type\":\"Person\",\"@id\":\"https:\\\/\\\/3.68.244.71\\\/#\\\/schema\\\/person\\\/33a98ceba42f744c04eaeb7ee31ce9a5\",\"name\":\"Mateusz \u017bmija\",\"image\":{\"@type\":\"ImageObject\",\"inLanguage\":\"pl-PL\",\"@id\":\"https:\\\/\\\/secure.gravatar.com\\\/avatar\\\/62c477e1ca98bb2fa448a880185bfa7b83ab24d41748a4bfc4475068c2f2b623?s=96&d=mm&r=g\",\"url\":\"https:\\\/\\\/secure.gravatar.com\\\/avatar\\\/62c477e1ca98bb2fa448a880185bfa7b83ab24d41748a4bfc4475068c2f2b623?s=96&d=mm&r=g\",\"contentUrl\":\"https:\\\/\\\/secure.gravatar.com\\\/avatar\\\/62c477e1ca98bb2fa448a880185bfa7b83ab24d41748a4bfc4475068c2f2b623?s=96&d=mm&r=g\",\"caption\":\"Mateusz \u017bmija\"}}]}<\/script>\n<!-- \/ Yoast SEO plugin. -->","yoast_head_json":{"title":"Zn\u00f3w g\u0142o\u015bno o zwolnieniach - Career Weekly vol. 18 - Vived","robots":{"index":"index","follow":"follow","max-snippet":"max-snippet:-1","max-image-preview":"max-image-preview:large","max-video-preview":"max-video-preview:-1"},"canonical":"https:\/\/vived.io\/pl\/znow-glosno-o-zwolnieniach-career-weekly-vol-18\/","og_locale":"pl_PL","og_type":"article","og_title":"Zn\u00f3w g\u0142o\u015bno o zwolnieniach - Career Weekly vol. 18 - Vived","og_description":"Wydawa\u0142o si\u0119, \u017ce po nerwowej jesieni i nieco spokojniejszej ko\u0144c\u00f3wce roku, sytuacja na rynku IT jest opanowana. Niestety, zwolnienia nadal trz\u0119s\u0105 nasz\u0105 bran\u017c\u0105.","og_url":"https:\/\/vived.io\/pl\/znow-glosno-o-zwolnieniach-career-weekly-vol-18\/","og_site_name":"Vived","article_published_time":"2023-01-10T12:29:24+00:00","article_modified_time":"2023-01-10T14:08:47+00:00","og_image":[{"width":1200,"height":628,"url":"https:\/\/vived.io\/wp-content\/uploads\/2023\/01\/career18-pl.png","type":"image\/png"}],"author":"Mateusz \u017bmija","twitter_card":"summary_large_image","schema":{"@context":"https:\/\/schema.org","@graph":[{"@type":"Article","@id":"https:\/\/vived.io\/pl\/znow-glosno-o-zwolnieniach-career-weekly-vol-18\/#article","isPartOf":{"@id":"https:\/\/vived.io\/pl\/znow-glosno-o-zwolnieniach-career-weekly-vol-18\/"},"author":{"name":"Mateusz \u017bmija","@id":"https:\/\/3.68.244.71\/#\/schema\/person\/33a98ceba42f744c04eaeb7ee31ce9a5"},"headline":"Zn\u00f3w g\u0142o\u015bno o zwolnieniach &#8211; Career Weekly vol. 18","datePublished":"2023-01-10T12:29:24+00:00","dateModified":"2023-01-10T14:08:47+00:00","mainEntityOfPage":{"@id":"https:\/\/vived.io\/pl\/znow-glosno-o-zwolnieniach-career-weekly-vol-18\/"},"wordCount":1060,"publisher":{"@id":"https:\/\/3.68.244.71\/#organization"},"image":{"@id":"https:\/\/vived.io\/pl\/znow-glosno-o-zwolnieniach-career-weekly-vol-18\/#primaryimage"},"thumbnailUrl":"https:\/\/vived.io\/wp-content\/uploads\/2023\/01\/career18-pl.png","articleSection":["Career"],"inLanguage":"pl-PL"},{"@type":"WebPage","@id":"https:\/\/vived.io\/pl\/znow-glosno-o-zwolnieniach-career-weekly-vol-18\/","url":"https:\/\/vived.io\/pl\/znow-glosno-o-zwolnieniach-career-weekly-vol-18\/","name":"Zn\u00f3w g\u0142o\u015bno o zwolnieniach - Career Weekly vol. 18 - Vived","isPartOf":{"@id":"https:\/\/3.68.244.71\/#website"},"primaryImageOfPage":{"@id":"https:\/\/vived.io\/pl\/znow-glosno-o-zwolnieniach-career-weekly-vol-18\/#primaryimage"},"image":{"@id":"https:\/\/vived.io\/pl\/znow-glosno-o-zwolnieniach-career-weekly-vol-18\/#primaryimage"},"thumbnailUrl":"https:\/\/vived.io\/wp-content\/uploads\/2023\/01\/career18-pl.png","datePublished":"2023-01-10T12:29:24+00:00","dateModified":"2023-01-10T14:08:47+00:00","breadcrumb":{"@id":"https:\/\/vived.io\/pl\/znow-glosno-o-zwolnieniach-career-weekly-vol-18\/#breadcrumb"},"inLanguage":"pl-PL","potentialAction":[{"@type":"ReadAction","target":["https:\/\/vived.io\/pl\/znow-glosno-o-zwolnieniach-career-weekly-vol-18\/"]}]},{"@type":"ImageObject","inLanguage":"pl-PL","@id":"https:\/\/vived.io\/pl\/znow-glosno-o-zwolnieniach-career-weekly-vol-18\/#primaryimage","url":"https:\/\/vived.io\/wp-content\/uploads\/2023\/01\/career18-pl.png","contentUrl":"https:\/\/vived.io\/wp-content\/uploads\/2023\/01\/career18-pl.png","width":1200,"height":628},{"@type":"BreadcrumbList","@id":"https:\/\/vived.io\/pl\/znow-glosno-o-zwolnieniach-career-weekly-vol-18\/#breadcrumb","itemListElement":[{"@type":"ListItem","position":1,"name":"Strona g\u0142\u00f3wna","item":"https:\/\/vived.io\/pl\/"},{"@type":"ListItem","position":2,"name":"Zn\u00f3w g\u0142o\u015bno o zwolnieniach &#8211; Career Weekly vol. 18"}]},{"@type":"WebSite","@id":"https:\/\/3.68.244.71\/#website","url":"https:\/\/3.68.244.71\/","name":"Vived","description":"platform empowering IT people and technology companies to synergic growth","publisher":{"@id":"https:\/\/3.68.244.71\/#organization"},"potentialAction":[{"@type":"SearchAction","target":{"@type":"EntryPoint","urlTemplate":"https:\/\/3.68.244.71\/?s={search_term_string}"},"query-input":{"@type":"PropertyValueSpecification","valueRequired":true,"valueName":"search_term_string"}}],"inLanguage":"pl-PL"},{"@type":"Organization","@id":"https:\/\/3.68.244.71\/#organization","name":"Vived","url":"https:\/\/3.68.244.71\/","logo":{"@type":"ImageObject","inLanguage":"pl-PL","@id":"https:\/\/3.68.244.71\/#\/schema\/logo\/image\/","url":"https:\/\/vived.io\/wp-content\/uploads\/2020\/03\/logo_vived_color.png","contentUrl":"https:\/\/vived.io\/wp-content\/uploads\/2020\/03\/logo_vived_color.png","width":136,"height":45,"caption":"Vived"},"image":{"@id":"https:\/\/3.68.244.71\/#\/schema\/logo\/image\/"}},{"@type":"Person","@id":"https:\/\/3.68.244.71\/#\/schema\/person\/33a98ceba42f744c04eaeb7ee31ce9a5","name":"Mateusz \u017bmija","image":{"@type":"ImageObject","inLanguage":"pl-PL","@id":"https:\/\/secure.gravatar.com\/avatar\/62c477e1ca98bb2fa448a880185bfa7b83ab24d41748a4bfc4475068c2f2b623?s=96&d=mm&r=g","url":"https:\/\/secure.gravatar.com\/avatar\/62c477e1ca98bb2fa448a880185bfa7b83ab24d41748a4bfc4475068c2f2b623?s=96&d=mm&r=g","contentUrl":"https:\/\/secure.gravatar.com\/avatar\/62c477e1ca98bb2fa448a880185bfa7b83ab24d41748a4bfc4475068c2f2b623?s=96&d=mm&r=g","caption":"Mateusz \u017bmija"}}]}},"blocks_vived":[{"blockName":"core\/heading","attrs":[],"innerBlocks":[],"innerHTML":"\n<h2>1. Awantura w Salesforce i najwi\u0119ksze zwolnienia w historii Amazona<\/h2>\n","innerContent":["\n<h2>1. Awantura w Salesforce i najwi\u0119ksze zwolnienia w historii Amazona<\/h2>\n"]},{"blockName":null,"attrs":[],"innerBlocks":[],"innerHTML":"\n\n","innerContent":["\n\n"]},{"blockName":"core\/paragraph","attrs":[],"innerBlocks":[],"innerHTML":"\n<p>Zestawienie firm, kt\u00f3re postanowi\u0142y znacznie zredukowa\u0107 swoje zespo\u0142y, zaczynamy od Salesforce. Nad producentem popularnych system\u00f3w CRM i narz\u0119dzi do automatyzacji przer\u00f3\u017cnych dziedzin biznesu zgromadzi\u0142y si\u0119 czarne chmury. Po pierwsze, decyzja o zwolnieniu 10% pracownik\u00f3w, gdy na pok\u0142adzie jest ponad 70 tys. zatrudnionych, oznacza prawdziwy exodus. Po drugie, po\u017cegnania odbywaj\u0105 si\u0119 w naprawd\u0119 kiepskiej atmosferze.&nbsp;<\/p>\n","innerContent":["\n<p>Zestawienie firm, kt\u00f3re postanowi\u0142y znacznie zredukowa\u0107 swoje zespo\u0142y, zaczynamy od Salesforce. Nad producentem popularnych system\u00f3w CRM i narz\u0119dzi do automatyzacji przer\u00f3\u017cnych dziedzin biznesu zgromadzi\u0142y si\u0119 czarne chmury. Po pierwsze, decyzja o zwolnieniu 10% pracownik\u00f3w, gdy na pok\u0142adzie jest ponad 70 tys. zatrudnionych, oznacza prawdziwy exodus. Po drugie, po\u017cegnania odbywaj\u0105 si\u0119 w naprawd\u0119 kiepskiej atmosferze.&nbsp;<\/p>\n"]},{"blockName":null,"attrs":[],"innerBlocks":[],"innerHTML":"\n\n","innerContent":["\n\n"]},{"blockName":"core\/paragraph","attrs":[],"innerBlocks":[],"innerHTML":"\n<p>Jak informuj\u0105 ameryka\u0144skie media, nastroje w Salesforce obni\u017cy\u0142y si\u0119 drastycznie po spotkaniu all-hands, w kt\u00f3rym uczestniczy\u0142 CEO firmy. Mia\u0142o ono miejsce kolejnego dnia po og\u0142oszeniu zwolnie\u0144. Wszyscy oczekiwali, \u017ce Marc Benioff odniesie si\u0119 do ostatnich decyzji, ale zamiast tego\u2026 przez dwie godziny skutecznie unika\u0142 pyta\u0144 na ten temat. Mog\u0119 sobie tylko wyobra\u017ca\u0107 poziom irytacji uczestnik\u00f3w. To nie wszystko. Po spotkaniu Marc jak gdyby nigdy nic skrobn\u0105\u0142 maila do ca\u0142ej swojej firmy, nawi\u0105zuj\u0105c do uwielbianej przez siebie hawajskiej filozofii \u201cOhana\u201d. Po raz kolejny por\u00f3wna\u0142 firm\u0119 do rodziny, w kt\u00f3rej wi\u0119zi s\u0105 wzmacniane poprzez wzajemn\u0105 odpowiedzialno\u015b\u0107 i przyzna\u0142, \u017ce w czasie pandemii zatrudniono zbyt wiele os\u00f3b, za co czuje si\u0119 odpowiedzialny. OMG.&nbsp;<\/p>\n","innerContent":["\n<p>Jak informuj\u0105 ameryka\u0144skie media, nastroje w Salesforce obni\u017cy\u0142y si\u0119 drastycznie po spotkaniu all-hands, w kt\u00f3rym uczestniczy\u0142 CEO firmy. Mia\u0142o ono miejsce kolejnego dnia po og\u0142oszeniu zwolnie\u0144. Wszyscy oczekiwali, \u017ce Marc Benioff odniesie si\u0119 do ostatnich decyzji, ale zamiast tego\u2026 przez dwie godziny skutecznie unika\u0142 pyta\u0144 na ten temat. Mog\u0119 sobie tylko wyobra\u017ca\u0107 poziom irytacji uczestnik\u00f3w. To nie wszystko. Po spotkaniu Marc jak gdyby nigdy nic skrobn\u0105\u0142 maila do ca\u0142ej swojej firmy, nawi\u0105zuj\u0105c do uwielbianej przez siebie hawajskiej filozofii \u201cOhana\u201d. Po raz kolejny por\u00f3wna\u0142 firm\u0119 do rodziny, w kt\u00f3rej wi\u0119zi s\u0105 wzmacniane poprzez wzajemn\u0105 odpowiedzialno\u015b\u0107 i przyzna\u0142, \u017ce w czasie pandemii zatrudniono zbyt wiele os\u00f3b, za co czuje si\u0119 odpowiedzialny. OMG.&nbsp;<\/p>\n"]},{"blockName":null,"attrs":[],"innerBlocks":[],"innerHTML":"\n\n","innerContent":["\n\n"]},{"blockName":"core\/image","attrs":{"align":"center","id":13669,"sizeSlug":"full","linkDestination":"none"},"innerBlocks":[],"innerHTML":"\n<figure class=\"wp-block-image aligncenter size-full\"><img src=\"https:\/\/vived.io\/wp-content\/uploads\/2023\/01\/career18-mem1.jpg\" alt=\"\" class=\"wp-image-13669\"\/><\/figure>\n","innerContent":["\n<figure class=\"wp-block-image aligncenter size-full\"><img src=\"https:\/\/vived.io\/wp-content\/uploads\/2023\/01\/career18-mem1.jpg\" alt=\"\" class=\"wp-image-13669\"\/><\/figure>\n"]},{"blockName":null,"attrs":[],"innerBlocks":[],"innerHTML":"\n\n","innerContent":["\n\n"]},{"blockName":"core\/paragraph","attrs":[],"innerBlocks":[],"innerHTML":"\n<p>Na szcz\u0119\u015bcie w Salesforce wci\u0105\u017c s\u0105 managerowie, kt\u00f3rzy maj\u0105 dystans do tego typu o\u015bwiadcze\u0144. Pono\u0107 nawet jeden z dyrektor\u00f3w przeprosi\u0142 za przebieg spotkania i zaproponowa\u0142, by nie ogl\u0105da\u0107 nagrania z all-hands. To m\u00f3g\u0142 by\u0107 cz\u0142owiek od public relations\u2026<\/p>\n","innerContent":["\n<p>Na szcz\u0119\u015bcie w Salesforce wci\u0105\u017c s\u0105 managerowie, kt\u00f3rzy maj\u0105 dystans do tego typu o\u015bwiadcze\u0144. Pono\u0107 nawet jeden z dyrektor\u00f3w przeprosi\u0142 za przebieg spotkania i zaproponowa\u0142, by nie ogl\u0105da\u0107 nagrania z all-hands. To m\u00f3g\u0142 by\u0107 cz\u0142owiek od public relations\u2026<\/p>\n"]},{"blockName":null,"attrs":[],"innerBlocks":[],"innerHTML":"\n\n","innerContent":["\n\n"]},{"blockName":"core\/paragraph","attrs":[],"innerBlocks":[],"innerHTML":"\n<p>Z San Francisco przenosimy si\u0119 do Seattle, bo gor\u0105co jest tak\u017ce w Amazonie. Jak ju\u017c wiesz (mi\u0119dzy innymi) z Career Weekly, planowano tam po\u017cegna\u0107 10 tys. pracownik\u00f3w. Licznik jednak nie zatrzyma\u0142 si\u0119 po pierwszych zapowiedziach, a w grudniu ksi\u0119gowi skrupulatnie liczyli firmowe wydatki. Teraz okazuje si\u0119, \u017ce wypowiedzenia otrzyma w sumie ok. 18 tys. os\u00f3b. To najwi\u0119ksze zwolnienia w historii tego technologicznego giganta, po kt\u00f3rych ca\u0142a organizacja skurczy si\u0119 o 6%. Z perspektywy programistycznej - redukcja zatrudnienia nie obejmie AWS, a przede wszystkim obs\u0142ug\u0119 sklep\u00f3w i HR.<\/p>\n","innerContent":["\n<p>Z San Francisco przenosimy si\u0119 do Seattle, bo gor\u0105co jest tak\u017ce w Amazonie. Jak ju\u017c wiesz (mi\u0119dzy innymi) z Career Weekly, planowano tam po\u017cegna\u0107 10 tys. pracownik\u00f3w. Licznik jednak nie zatrzyma\u0142 si\u0119 po pierwszych zapowiedziach, a w grudniu ksi\u0119gowi skrupulatnie liczyli firmowe wydatki. Teraz okazuje si\u0119, \u017ce wypowiedzenia otrzyma w sumie ok. 18 tys. os\u00f3b. To najwi\u0119ksze zwolnienia w historii tego technologicznego giganta, po kt\u00f3rych ca\u0142a organizacja skurczy si\u0119 o 6%. Z perspektywy programistycznej - redukcja zatrudnienia nie obejmie AWS, a przede wszystkim obs\u0142ug\u0119 sklep\u00f3w i HR.<\/p>\n"]},{"blockName":null,"attrs":[],"innerBlocks":[],"innerHTML":"\n\n","innerContent":["\n\n"]},{"blockName":"core\/paragraph","attrs":[],"innerBlocks":[],"innerHTML":"\n<p>Nieco mniejsza fala zwolnie\u0144 widoczna jest tak\u017ce w Cisco (ok. 4 tys. os\u00f3b) oraz HP (4-6 tys. os\u00f3b w ci\u0105gu najbli\u017cszych 3 lat). \u201cSpokojnie, zawsze b\u0119dzie mo\u017cna p\u00f3j\u015b\u0107 do pracy w McDonald\u2019s\u201d - pisz\u0105 internetowi m\u0119drcy. Ale my tutaj wnikliwie czytamy zapowiedzi CEO i wiemy, \u017ce w kwietniu tam r\u00f3wnie\u017c b\u0119d\u0105 zwolnienia. Ech!<\/p>\n","innerContent":["\n<p>Nieco mniejsza fala zwolnie\u0144 widoczna jest tak\u017ce w Cisco (ok. 4 tys. os\u00f3b) oraz HP (4-6 tys. os\u00f3b w ci\u0105gu najbli\u017cszych 3 lat). \u201cSpokojnie, zawsze b\u0119dzie mo\u017cna p\u00f3j\u015b\u0107 do pracy w McDonald\u2019s\u201d - pisz\u0105 internetowi m\u0119drcy. Ale my tutaj wnikliwie czytamy zapowiedzi CEO i wiemy, \u017ce w kwietniu tam r\u00f3wnie\u017c b\u0119d\u0105 zwolnienia. Ech!<\/p>\n"]},{"blockName":null,"attrs":[],"innerBlocks":[],"innerHTML":"\n\n","innerContent":["\n\n"]},{"blockName":"core\/heading","attrs":{"level":3},"innerBlocks":[],"innerHTML":"\n<h3>\u0179r\u00f3d\u0142a:<\/h3>\n","innerContent":["\n<h3>\u0179r\u00f3d\u0142a:<\/h3>\n"]},{"blockName":null,"attrs":[],"innerBlocks":[],"innerHTML":"\n\n","innerContent":["\n\n"]},{"blockName":"core\/list","attrs":[],"innerBlocks":[{"blockName":"core\/list-item","attrs":[],"innerBlocks":[],"innerHTML":"\n<li><a href=\"https:\/\/www.businessinsider.com\/read-marc-benioff-email-to-salesforce-staff-announcing-mass-layoffs-2023-1?IR=T\">https:\/\/www.businessinsider.com\/read-marc-benioff-email-to-salesforce-staff-announcing-mass-layoffs-2023-1?IR=T<\/a><\/li>\n","innerContent":["\n<li><a href=\"https:\/\/www.businessinsider.com\/read-marc-benioff-email-to-salesforce-staff-announcing-mass-layoffs-2023-1?IR=T\">https:\/\/www.businessinsider.com\/read-marc-benioff-email-to-salesforce-staff-announcing-mass-layoffs-2023-1?IR=T<\/a><\/li>\n"]},{"blockName":"core\/list-item","attrs":[],"innerBlocks":[],"innerHTML":"\n<li><a href=\"https:\/\/www.bizjournals.com\/sanfrancisco\/news\/2023\/01\/04\/heres-salesforce-co-ceo-marc-benioff-letter-to-em.html\">https:\/\/www.bizjournals.com\/sanfrancisco\/news\/2023\/01\/04\/heres-salesforce-co-ceo-marc-benioff-letter-to-em.html<\/a><\/li>\n","innerContent":["\n<li><a href=\"https:\/\/www.bizjournals.com\/sanfrancisco\/news\/2023\/01\/04\/heres-salesforce-co-ceo-marc-benioff-letter-to-em.html\">https:\/\/www.bizjournals.com\/sanfrancisco\/news\/2023\/01\/04\/heres-salesforce-co-ceo-marc-benioff-letter-to-em.html<\/a><\/li>\n"]},{"blockName":"core\/list-item","attrs":[],"innerBlocks":[],"innerHTML":"\n<li><a href=\"https:\/\/finance.yahoo.com\/news\/salesforce-ohana-mantra-questioned-ceo-215923705.html\">https:\/\/finance.yahoo.com\/news\/salesforce-ohana-mantra-questioned-ceo-215923705.html<\/a><\/li>\n","innerContent":["\n<li><a href=\"https:\/\/finance.yahoo.com\/news\/salesforce-ohana-mantra-questioned-ceo-215923705.html\">https:\/\/finance.yahoo.com\/news\/salesforce-ohana-mantra-questioned-ceo-215923705.html<\/a><\/li>\n"]},{"blockName":"core\/list-item","attrs":[],"innerBlocks":[],"innerHTML":"\n<li><a href=\"https:\/\/www.crn.com\/news\/cloud\/aws-not-impacted-by-amazon-s-18-000-layoffs-sources\">https:\/\/www.crn.com\/news\/cloud\/aws-not-impacted-by-amazon-s-18-000-layoffs-sources<\/a><\/li>\n","innerContent":["\n<li><a href=\"https:\/\/www.crn.com\/news\/cloud\/aws-not-impacted-by-amazon-s-18-000-layoffs-sources\">https:\/\/www.crn.com\/news\/cloud\/aws-not-impacted-by-amazon-s-18-000-layoffs-sources<\/a><\/li>\n"]},{"blockName":"core\/list-item","attrs":[],"innerBlocks":[],"innerHTML":"\n<li><a href=\"https:\/\/www.firstpost.com\/explainers\/mass-layoffs-2023-more-jobs-cuts-amazon-tech-twitter-meta-11953872.html\">https:\/\/www.firstpost.com\/explainers\/mass-layoffs-2023-more-jobs-cuts-amazon-tech-twitter-meta-11953872.html<\/a><\/li>\n","innerContent":["\n<li><a href=\"https:\/\/www.firstpost.com\/explainers\/mass-layoffs-2023-more-jobs-cuts-amazon-tech-twitter-meta-11953872.html\">https:\/\/www.firstpost.com\/explainers\/mass-layoffs-2023-more-jobs-cuts-amazon-tech-twitter-meta-11953872.html<\/a><\/li>\n"]},{"blockName":"core\/list-item","attrs":[],"innerBlocks":[],"innerHTML":"\n<li><a href=\"https:\/\/edition.cnn.com\/2023\/01\/06\/business\/mcdonalds-layoffs\/index.html\">https:\/\/edition.cnn.com\/2023\/01\/06\/business\/mcdonalds-layoffs\/index.html<\/a><\/li>\n","innerContent":["\n<li><a href=\"https:\/\/edition.cnn.com\/2023\/01\/06\/business\/mcdonalds-layoffs\/index.html\">https:\/\/edition.cnn.com\/2023\/01\/06\/business\/mcdonalds-layoffs\/index.html<\/a><\/li>\n"]}],"innerHTML":"\n<ul>\n\n\n\n\n\n\n\n\n\n<\/ul>\n","innerContent":["\n<ul>",null,"\n\n",null,"\n\n",null,"\n\n",null,"\n\n",null,"\n\n",null,"<\/ul>\n"]},{"blockName":null,"attrs":[],"innerBlocks":[],"innerHTML":"\n\n","innerContent":["\n\n"]},{"blockName":"core\/heading","attrs":[],"innerBlocks":[],"innerHTML":"\n<h2>2. Czym r\u00f3\u017cni\u0105 si\u0119 bystrzy programi\u015bci od m\u0105drych programist\u00f3w?<\/h2>\n","innerContent":["\n<h2>2. Czym r\u00f3\u017cni\u0105 si\u0119 bystrzy programi\u015bci od m\u0105drych programist\u00f3w?<\/h2>\n"]},{"blockName":null,"attrs":[],"innerBlocks":[],"innerHTML":"\n\n","innerContent":["\n\n"]},{"blockName":"core\/paragraph","attrs":[],"innerBlocks":[],"innerHTML":"\n<p>Kiedy znalaz\u0142em <a href=\"https:\/\/itnext.io\/the-difference-between-the-clever-developer-the-wise-developer-a0edd9d8a692\">tekst z powy\u017cszym pytaniem w tytule<\/a>, by\u0142em bardzo zaintrygowany! Tre\u015b\u0107 absolutnie mnie nie zawiod\u0142a. Ben \"The Hosk\" Hosking doskonale wyja\u015bni\u0142 r\u00f3\u017cnice pomi\u0119dzy juniorem a seniorem i wcale nie powo\u0142ywa\u0142 si\u0119 przy tym na znajomo\u015b\u0107 j\u0119zyk\u00f3w programowania\u2026 tylko specyficzny mindset, jaki towarzyszy programistom w zale\u017cno\u015bci od poziomu ich do\u015bwiadczenia.<\/p>\n","innerContent":["\n<p>Kiedy znalaz\u0142em <a href=\"https:\/\/itnext.io\/the-difference-between-the-clever-developer-the-wise-developer-a0edd9d8a692\">tekst z powy\u017cszym pytaniem w tytule<\/a>, by\u0142em bardzo zaintrygowany! Tre\u015b\u0107 absolutnie mnie nie zawiod\u0142a. Ben \"The Hosk\" Hosking doskonale wyja\u015bni\u0142 r\u00f3\u017cnice pomi\u0119dzy juniorem a seniorem i wcale nie powo\u0142ywa\u0142 si\u0119 przy tym na znajomo\u015b\u0107 j\u0119zyk\u00f3w programowania\u2026 tylko specyficzny mindset, jaki towarzyszy programistom w zale\u017cno\u015bci od poziomu ich do\u015bwiadczenia.<\/p>\n"]},{"blockName":null,"attrs":[],"innerBlocks":[],"innerHTML":"\n\n","innerContent":["\n\n"]},{"blockName":"core\/image","attrs":{"align":"center","id":13667,"sizeSlug":"full","linkDestination":"none"},"innerBlocks":[],"innerHTML":"\n<figure class=\"wp-block-image aligncenter size-full\"><img src=\"https:\/\/vived.io\/wp-content\/uploads\/2023\/01\/career18-mem2.png\" alt=\"\" class=\"wp-image-13667\"\/><figcaption class=\"wp-element-caption\">Credits: <a href=\"https:\/\/www.reddit.com\/user\/taranasus\/\">Taranasus<\/a><\/figcaption><\/figure>\n","innerContent":["\n<figure class=\"wp-block-image aligncenter size-full\"><img src=\"https:\/\/vived.io\/wp-content\/uploads\/2023\/01\/career18-mem2.png\" alt=\"\" class=\"wp-image-13667\"\/><figcaption class=\"wp-element-caption\">Credits: <a href=\"https:\/\/www.reddit.com\/user\/taranasus\/\">Taranasus<\/a><\/figcaption><\/figure>\n"]},{"blockName":null,"attrs":[],"innerBlocks":[],"innerHTML":"\n\n","innerContent":["\n\n"]},{"blockName":"core\/paragraph","attrs":[],"innerBlocks":[],"innerHTML":"\n<p>O co chodzi? Przede wszystkim o poczucie, \u017ce czasem lepiej unika\u0107 problem\u00f3w, ni\u017c ich poszukiwa\u0107. Wsz\u0119dzie wydawa\u0142oby si\u0119 to oczywiste, ale w naszej bran\u017cy jest odwrotnie. Tymczasem to w\u0142a\u015bnie umiej\u0119tno\u015b\u0107 priorytetyzowania i asertywno\u015b\u0107 s\u0105 cechami, kt\u00f3re podziwiamy u starszych koleg\u00f3w. Junior, jak to junior, b\u0119dzie szuka\u0142 dowolnej okazji do kodowania. Senior jest pod tym wzgl\u0119dem nieco bardziej pow\u015bci\u0105gliwy, co prowadzi do bardzo wyra\u017anego rozr\u00f3\u017cnienia:<\/p>\n","innerContent":["\n<p>O co chodzi? Przede wszystkim o poczucie, \u017ce czasem lepiej unika\u0107 problem\u00f3w, ni\u017c ich poszukiwa\u0107. Wsz\u0119dzie wydawa\u0142oby si\u0119 to oczywiste, ale w naszej bran\u017cy jest odwrotnie. Tymczasem to w\u0142a\u015bnie umiej\u0119tno\u015b\u0107 priorytetyzowania i asertywno\u015b\u0107 s\u0105 cechami, kt\u00f3re podziwiamy u starszych koleg\u00f3w. Junior, jak to junior, b\u0119dzie szuka\u0142 dowolnej okazji do kodowania. Senior jest pod tym wzgl\u0119dem nieco bardziej pow\u015bci\u0105gliwy, co prowadzi do bardzo wyra\u017anego rozr\u00f3\u017cnienia:<\/p>\n"]},{"blockName":null,"attrs":[],"innerBlocks":[],"innerHTML":"\n\n","innerContent":["\n\n"]},{"blockName":"core\/list","attrs":[],"innerBlocks":[{"blockName":"core\/list-item","attrs":[],"innerBlocks":[],"innerHTML":"\n<li>Junior developers take simple requirements and create complex code&nbsp;<\/li>\n","innerContent":["\n<li>Junior developers take simple requirements and create complex code&nbsp;<\/li>\n"]},{"blockName":"core\/list-item","attrs":[],"innerBlocks":[],"innerHTML":"\n<li>Senior developers take complex requirements and create simple code<\/li>\n","innerContent":["\n<li>Senior developers take complex requirements and create simple code<\/li>\n"]}],"innerHTML":"\n<ul>\n\n<\/ul>\n","innerContent":["\n<ul>",null,"\n\n",null,"<\/ul>\n"]},{"blockName":null,"attrs":[],"innerBlocks":[],"innerHTML":"\n\n","innerContent":["\n\n"]},{"blockName":"core\/paragraph","attrs":[],"innerBlocks":[],"innerHTML":"\n<p>Poza tym, Ben Hosking zwraca uwag\u0119, \u017ce bystrzy programi\u015bci musz\u0105 pope\u0142ni\u0107 wiele b\u0142\u0119d\u00f3w, by sta\u0107 si\u0119 m\u0105drymi. Programowanie jest jedn\u0105 z najbardziej empirycznych dziedzin. Mo\u017ce nawet bardziej, ni\u017c nauka chodzenia lub jazdy na rowerze. Obowi\u0105zuje jednak ta sama zasada - siniaki koleg\u00f3w nie naucz\u0105 Ci\u0119 utrzymywa\u0107 r\u00f3wnowagi.<\/p>\n","innerContent":["\n<p>Poza tym, Ben Hosking zwraca uwag\u0119, \u017ce bystrzy programi\u015bci musz\u0105 pope\u0142ni\u0107 wiele b\u0142\u0119d\u00f3w, by sta\u0107 si\u0119 m\u0105drymi. Programowanie jest jedn\u0105 z najbardziej empirycznych dziedzin. Mo\u017ce nawet bardziej, ni\u017c nauka chodzenia lub jazdy na rowerze. Obowi\u0105zuje jednak ta sama zasada - siniaki koleg\u00f3w nie naucz\u0105 Ci\u0119 utrzymywa\u0107 r\u00f3wnowagi.<\/p>\n"]},{"blockName":null,"attrs":[],"innerBlocks":[],"innerHTML":"\n\n","innerContent":["\n\n"]},{"blockName":"core\/paragraph","attrs":[],"innerBlocks":[],"innerHTML":"\n<p>Seniorzy szanuj\u0105 sw\u00f3j czas. Wiedz\u0105, \u017ce kiedy wykonujesz czyj\u0105\u015b prac\u0119, to nie wykonujesz swojej. Potrafi\u0105 dostosowa\u0107 si\u0119 do sytuacji, zamiast walczy\u0107 ze wszystkimi wok\u00f3\u0142. <em>The difference between a clever person and a wise person is really not worth worrying about <\/em>- tymi s\u0142owami ko\u0144czy si\u0119 felieton Bena, a ja raz jeszcze polecam Ci <a href=\"https:\/\/itnext.io\/the-difference-between-the-clever-developer-the-wise-developer-a0edd9d8a692\">ten tekst<\/a>. Mnie uzmys\u0142owi\u0142 bardzo wiele i chocia\u017c nie jestem programist\u0105, to zaczerpn\u0105\u0142em z niego wiele inspiracji.<\/p>\n","innerContent":["\n<p>Seniorzy szanuj\u0105 sw\u00f3j czas. Wiedz\u0105, \u017ce kiedy wykonujesz czyj\u0105\u015b prac\u0119, to nie wykonujesz swojej. Potrafi\u0105 dostosowa\u0107 si\u0119 do sytuacji, zamiast walczy\u0107 ze wszystkimi wok\u00f3\u0142. <em>The difference between a clever person and a wise person is really not worth worrying about <\/em>- tymi s\u0142owami ko\u0144czy si\u0119 felieton Bena, a ja raz jeszcze polecam Ci <a href=\"https:\/\/itnext.io\/the-difference-between-the-clever-developer-the-wise-developer-a0edd9d8a692\">ten tekst<\/a>. Mnie uzmys\u0142owi\u0142 bardzo wiele i chocia\u017c nie jestem programist\u0105, to zaczerpn\u0105\u0142em z niego wiele inspiracji.<\/p>\n"]},{"blockName":null,"attrs":[],"innerBlocks":[],"innerHTML":"\n\n","innerContent":["\n\n"]},{"blockName":"core\/heading","attrs":{"level":3},"innerBlocks":[],"innerHTML":"\n<h3>\u0179r\u00f3d\u0142o:<\/h3>\n","innerContent":["\n<h3>\u0179r\u00f3d\u0142o:<\/h3>\n"]},{"blockName":null,"attrs":[],"innerBlocks":[],"innerHTML":"\n\n","innerContent":["\n\n"]},{"blockName":"core\/list","attrs":[],"innerBlocks":[{"blockName":"core\/list-item","attrs":[],"innerBlocks":[],"innerHTML":"\n<li><a href=\"https:\/\/itnext.io\/the-difference-between-the-clever-developer-the-wise-developer-a0edd9d8a692\">https:\/\/itnext.io\/the-difference-between-the-clever-developer-the-wise-developer-a0edd9d8a692<\/a><\/li>\n","innerContent":["\n<li><a href=\"https:\/\/itnext.io\/the-difference-between-the-clever-developer-the-wise-developer-a0edd9d8a692\">https:\/\/itnext.io\/the-difference-between-the-clever-developer-the-wise-developer-a0edd9d8a692<\/a><\/li>\n"]}],"innerHTML":"\n<ul><\/ul>\n","innerContent":["\n<ul>",null,"<\/ul>\n"]},{"blockName":null,"attrs":[],"innerBlocks":[],"innerHTML":"\n\n","innerContent":["\n\n"]},{"blockName":"core\/heading","attrs":[],"innerBlocks":[],"innerHTML":"\n<h2>3. Nie zapomnij o treningu pami\u0119ci<\/h2>\n","innerContent":["\n<h2>3. Nie zapomnij o treningu pami\u0119ci<\/h2>\n"]},{"blockName":null,"attrs":[],"innerBlocks":[],"innerHTML":"\n\n","innerContent":["\n\n"]},{"blockName":"core\/paragraph","attrs":[],"innerBlocks":[],"innerHTML":"\n<p>W raporcie No Fluff Jobs na temat programist\u00f3w w Europie \u015arodkowo-Wschodniej wyczyta\u0142em, \u017ce a\u017c 57% ankietowanych uprawia sport po pracy. Najcz\u0119\u015bciej ten czas jest po\u015bwi\u0119cany na si\u0142owni\u0119 (50% odpowiedzi), jazd\u0119 na rowerze (45%) lub bieganie (35%). To \u015bwietne informacje, zw\u0142aszcza \u017ce d\u0142ugotrwa\u0142e przesiadywanie przed komputerem nie s\u0142u\u017cy naszemu zdrowiu. Id\u0105c dalej - nadmierne google\u2019owanie lub wertowanie StackOverflow nie s\u0142u\u017cy naszej pami\u0119ci. Jak zatem trenowa\u0107 szare kom\u00f3rki?<\/p>\n","innerContent":["\n<p>W raporcie No Fluff Jobs na temat programist\u00f3w w Europie \u015arodkowo-Wschodniej wyczyta\u0142em, \u017ce a\u017c 57% ankietowanych uprawia sport po pracy. Najcz\u0119\u015bciej ten czas jest po\u015bwi\u0119cany na si\u0142owni\u0119 (50% odpowiedzi), jazd\u0119 na rowerze (45%) lub bieganie (35%). To \u015bwietne informacje, zw\u0142aszcza \u017ce d\u0142ugotrwa\u0142e przesiadywanie przed komputerem nie s\u0142u\u017cy naszemu zdrowiu. Id\u0105c dalej - nadmierne google\u2019owanie lub wertowanie StackOverflow nie s\u0142u\u017cy naszej pami\u0119ci. Jak zatem trenowa\u0107 szare kom\u00f3rki?<\/p>\n"]},{"blockName":null,"attrs":[],"innerBlocks":[],"innerHTML":"\n\n","innerContent":["\n\n"]},{"blockName":"core\/paragraph","attrs":[],"innerBlocks":[],"innerHTML":"\n<p>Jeden z ciekawszych pomys\u0142\u00f3w znalaz\u0142em <a href=\"https:\/\/richstone.io\/train-your-developer-memory\/\">na blogu, kt\u00f3ry prowadzi Rich Steinmetz, Software Engineer<\/a>. Jego zdaniem, techniki pami\u0119ciowe s\u0105 doskona\u0142ym wsparciem w codziennej pracy. On sam zacz\u0105\u0142 swoje treningi w 2011 roku. Dzi\u015b - jak twierdzi - nie ma problemu z zapami\u0119taniem 100 rzeczy jednocze\u015bnie, nauczeniem si\u0119 uk\u0142adu talii kart w ci\u0105gu kilku minut lub podkr\u0119ceniem wynik\u00f3w w\u0142asnych test\u00f3w IQ.&nbsp;<\/p>\n","innerContent":["\n<p>Jeden z ciekawszych pomys\u0142\u00f3w znalaz\u0142em <a href=\"https:\/\/richstone.io\/train-your-developer-memory\/\">na blogu, kt\u00f3ry prowadzi Rich Steinmetz, Software Engineer<\/a>. Jego zdaniem, techniki pami\u0119ciowe s\u0105 doskona\u0142ym wsparciem w codziennej pracy. On sam zacz\u0105\u0142 swoje treningi w 2011 roku. Dzi\u015b - jak twierdzi - nie ma problemu z zapami\u0119taniem 100 rzeczy jednocze\u015bnie, nauczeniem si\u0119 uk\u0142adu talii kart w ci\u0105gu kilku minut lub podkr\u0119ceniem wynik\u00f3w w\u0142asnych test\u00f3w IQ.&nbsp;<\/p>\n"]},{"blockName":null,"attrs":[],"innerBlocks":[],"innerHTML":"\n\n","innerContent":["\n\n"]},{"blockName":"core\/image","attrs":{"align":"center","id":13665,"sizeSlug":"full","linkDestination":"none"},"innerBlocks":[],"innerHTML":"\n<figure class=\"wp-block-image aligncenter size-full\"><img src=\"https:\/\/vived.io\/wp-content\/uploads\/2023\/01\/career18-mem3.jpeg\" alt=\"\" class=\"wp-image-13665\"\/><figcaption class=\"wp-element-caption\">Credits: <a href=\"https:\/\/www.memedroid.com\/user\/view\/DaMusicGamer\">DaMusicGamer<\/a><\/figcaption><\/figure>\n","innerContent":["\n<figure class=\"wp-block-image aligncenter size-full\"><img src=\"https:\/\/vived.io\/wp-content\/uploads\/2023\/01\/career18-mem3.jpeg\" alt=\"\" class=\"wp-image-13665\"\/><figcaption class=\"wp-element-caption\">Credits: <a href=\"https:\/\/www.memedroid.com\/user\/view\/DaMusicGamer\">DaMusicGamer<\/a><\/figcaption><\/figure>\n"]},{"blockName":null,"attrs":[],"innerBlocks":[],"innerHTML":"\n\n","innerContent":["\n\n"]},{"blockName":"core\/paragraph","attrs":[],"innerBlocks":[],"innerHTML":"\n<p>Zapytasz, jak do cholery przyda Ci si\u0119 to w pracy? Rich podaje kilka sytuacji, w kt\u00f3rych wykorzystuje swoj\u0105 wytrenowan\u0105 pami\u0119\u0107. Ta przydaje si\u0119 przede wszystkim podczas czytania d\u0142ugich tekst\u00f3w lub ksi\u0105\u017cek o programowaniu, ogl\u0105dania konferencji i webinar\u00f3w albo budowania automatyzacji.&nbsp;<\/p>\n","innerContent":["\n<p>Zapytasz, jak do cholery przyda Ci si\u0119 to w pracy? Rich podaje kilka sytuacji, w kt\u00f3rych wykorzystuje swoj\u0105 wytrenowan\u0105 pami\u0119\u0107. Ta przydaje si\u0119 przede wszystkim podczas czytania d\u0142ugich tekst\u00f3w lub ksi\u0105\u017cek o programowaniu, ogl\u0105dania konferencji i webinar\u00f3w albo budowania automatyzacji.&nbsp;<\/p>\n"]},{"blockName":null,"attrs":[],"innerBlocks":[],"innerHTML":"\n\n","innerContent":["\n\n"]},{"blockName":"core\/paragraph","attrs":[],"innerBlocks":[],"innerHTML":"\n<p>Podobno wystarczy kilka tygodni, by opanowa\u0107 wybran\u0105 technik\u0119, np. <a href=\"https:\/\/en.wikipedia.org\/wiki\/Mnemonic_peg_system\">mnemonic peg system<\/a> albo <a href=\"https:\/\/en.wikipedia.org\/wiki\/Mnemonic_major_system\">mnemonic major system<\/a> - obie s\u0105 oparte na wizualizacji i nawet, je\u015bli nie wykorzystasz ich p\u00f3\u017aniej w pracy, to przynajmniej nie b\u0119dziesz tworzy\u0107 listy zakup\u00f3w przed ka\u017cdym wyj\u015bciem do supermarketu. I nie zapomnisz o urodzinach bliskiej Ci osoby. I o tym, by cz\u0119\u015bciej korzysta\u0107 z aplikacji Vived.<\/p>\n","innerContent":["\n<p>Podobno wystarczy kilka tygodni, by opanowa\u0107 wybran\u0105 technik\u0119, np. <a href=\"https:\/\/en.wikipedia.org\/wiki\/Mnemonic_peg_system\">mnemonic peg system<\/a> albo <a href=\"https:\/\/en.wikipedia.org\/wiki\/Mnemonic_major_system\">mnemonic major system<\/a> - obie s\u0105 oparte na wizualizacji i nawet, je\u015bli nie wykorzystasz ich p\u00f3\u017aniej w pracy, to przynajmniej nie b\u0119dziesz tworzy\u0107 listy zakup\u00f3w przed ka\u017cdym wyj\u015bciem do supermarketu. I nie zapomnisz o urodzinach bliskiej Ci osoby. I o tym, by cz\u0119\u015bciej korzysta\u0107 z aplikacji Vived.<\/p>\n"]},{"blockName":null,"attrs":[],"innerBlocks":[],"innerHTML":"\n\n","innerContent":["\n\n"]},{"blockName":"core\/heading","attrs":{"level":3},"innerBlocks":[],"innerHTML":"\n<h3>\u0179r\u00f3d\u0142o:<\/h3>\n","innerContent":["\n<h3>\u0179r\u00f3d\u0142o:<\/h3>\n"]},{"blockName":null,"attrs":[],"innerBlocks":[],"innerHTML":"\n\n","innerContent":["\n\n"]},{"blockName":"core\/list","attrs":[],"innerBlocks":[{"blockName":"core\/list-item","attrs":[],"innerBlocks":[],"innerHTML":"\n<li><a href=\"https:\/\/richstone.io\/train-your-developer-memory\/\">https:\/\/richstone.io\/train-your-developer-memory\/<\/a><\/li>\n","innerContent":["\n<li><a href=\"https:\/\/richstone.io\/train-your-developer-memory\/\">https:\/\/richstone.io\/train-your-developer-memory\/<\/a><\/li>\n"]}],"innerHTML":"\n<ul><\/ul>\n","innerContent":["\n<ul>",null,"<\/ul>\n"]}],"_links":{"self":[{"href":"https:\/\/vived.io\/pl\/wp-json\/wp\/v2\/posts\/13664","targetHints":{"allow":["GET"]}}],"collection":[{"href":"https:\/\/vived.io\/pl\/wp-json\/wp\/v2\/posts"}],"about":[{"href":"https:\/\/vived.io\/pl\/wp-json\/wp\/v2\/types\/post"}],"author":[{"embeddable":true,"href":"https:\/\/vived.io\/pl\/wp-json\/wp\/v2\/users\/15"}],"replies":[{"embeddable":true,"href":"https:\/\/vived.io\/pl\/wp-json\/wp\/v2\/comments?post=13664"}],"version-history":[{"count":9,"href":"https:\/\/vived.io\/pl\/wp-json\/wp\/v2\/posts\/13664\/revisions"}],"predecessor-version":[{"id":13694,"href":"https:\/\/vived.io\/pl\/wp-json\/wp\/v2\/posts\/13664\/revisions\/13694"}],"wp:featuredmedia":[{"embeddable":true,"href":"https:\/\/vived.io\/pl\/wp-json\/wp\/v2\/media\/13677"}],"wp:attachment":[{"href":"https:\/\/vived.io\/pl\/wp-json\/wp\/v2\/media?parent=13664"}],"wp:term":[{"taxonomy":"category","embeddable":true,"href":"https:\/\/vived.io\/pl\/wp-json\/wp\/v2\/categories?post=13664"},{"taxonomy":"post_tag","embeddable":true,"href":"https:\/\/vived.io\/pl\/wp-json\/wp\/v2\/tags?post=13664"}],"curies":[{"name":"wp","href":"https:\/\/api.w.org\/{rel}","templated":true}]}}